{"id":16529,"date":"2026-04-23T22:00:21","date_gmt":"2026-04-23T20:00:21","guid":{"rendered":"https:\/\/casale.ch\/casale-no-centro-do-projeto-villeta-da-atome-apos-decisao-final-de-investimento\/"},"modified":"2026-04-27T15:07:04","modified_gmt":"2026-04-27T13:07:04","slug":"casale-no-centro-do-projeto-villeta-da-atome-apos-decisao-final-de-investimento","status":"publish","type":"post","link":"https:\/\/casale.ch\/pt-pt\/casale-no-centro-do-projeto-villeta-da-atome-apos-decisao-final-de-investimento\/","title":{"rendered":"Casale no centro do projeto Villeta da ATOME ap\u00f3s decis\u00e3o final de investimento"},"content":{"rendered":"[vc_row type=&#8221;in_container&#8221; full_screen_row_position=&#8221;middle&#8221; column_margin=&#8221;default&#8221; column_direction=&#8221;default&#8221; column_direction_tablet=&#8221;default&#8221; column_direction_phone=&#8221;default&#8221; scene_position=&#8221;center&#8221; text_color=&#8221;dark&#8221; text_align=&#8221;left&#8221; row_border_radius=&#8221;none&#8221; row_border_radius_applies=&#8221;bg&#8221; row_position_desktop=&#8221;default&#8221; row_position_tablet=&#8221;inherit&#8221; row_position_phone=&#8221;inherit&#8221; overflow=&#8221;visible&#8221; overlay_strength=&#8221;0.3&#8243; gradient_direction=&#8221;left_to_right&#8221; shape_divider_position=&#8221;bottom&#8221; bg_image_animation=&#8221;none&#8221;][vc_column column_padding=&#8221;no-extra-padding&#8221; column_padding_tablet=&#8221;inherit&#8221; column_padding_phone=&#8221;inherit&#8221; column_padding_position=&#8221;all&#8221; flex_gap_desktop=&#8221;10px&#8221; column_element_direction_desktop=&#8221;default&#8221; column_element_spacing=&#8221;default&#8221; desktop_text_alignment=&#8221;default&#8221; tablet_text_alignment=&#8221;default&#8221; phone_text_alignment=&#8221;default&#8221; background_color_opacity=&#8221;1&#8243; background_hover_color_opacity=&#8221;1&#8243; column_backdrop_filter=&#8221;none&#8221; column_shadow=&#8221;none&#8221; column_border_radius=&#8221;none&#8221; column_link_target=&#8221;_self&#8221; column_position=&#8221;default&#8221; gradient_direction=&#8221;left_to_right&#8221; overlay_strength=&#8221;0.3&#8243; width=&#8221;1\/1&#8243; tablet_width_inherit=&#8221;default&#8221; animation_type=&#8221;default&#8221; bg_image_animation=&#8221;none&#8221; border_type=&#8221;simple&#8221; column_border_width=&#8221;none&#8221; column_border_style=&#8221;solid&#8221;][vc_column_text css=&#8221;&#8221; text_direction=&#8221;default&#8221;]<strong>Lugano (Su\u00ed\u00e7a), 23 de abril de 2026<\/strong> \u2013 A Casale tem o orgulho de desempenhar um papel central no desenvolvimento do Projeto Villeta da ATOME no Paraguai, ap\u00f3s a obten\u00e7\u00e3o da <strong>Decis\u00e3o Final de Investimento (FID)<\/strong> para o que se tornar\u00e1 a primeira instala\u00e7\u00e3o de fertilizantes de baixo carbono baseada em hidrog\u00eanio verde em escala industrial do mundo.<\/p>\n<p>A FID marca um marco decisivo para o projeto, confirmando a prontid\u00e3o t\u00e9cnica, financeira e contratual para prosseguir com a constru\u00e7\u00e3o e trazendo a Villeta para sua fase de execu\u00e7\u00e3o.<\/p>\n<p>Esse marco se baseia nas bases financeiras s\u00f3lidas estabelecidas no in\u00edcio deste ano, incluindo a assinatura de acordos de d\u00edvida definitivos em 12 de mar\u00e7o de 2026, em Assun\u00e7\u00e3o, durante as Reuni\u00f5es Anuais do Grupo do Banco Interamericano de Desenvolvimento (BID).<br \/>\nEsse progresso culminou na conclus\u00e3o da estrutura geral de financiamento do projeto.<br \/>\nA participa\u00e7\u00e3o de principais institui\u00e7\u00f5es financeiras internacionais refor\u00e7a ainda mais a robustez e a relev\u00e2ncia global do projeto.<\/p>\n<p>Desenvolvida pela ATOME, a instala\u00e7\u00e3o de Villeta produzir\u00e1 <strong>260 mil toneladas de nitrato de am\u00f4nio de c\u00e1lcio (CAN) de baixo carbono por ano<\/strong>, apoiada por um acordo de compra de longo prazo com a <strong>Yara International ASA<\/strong> <strong>cobrindo toda a produ\u00e7\u00e3o<\/strong>.<\/p>\n<p>O projeto usar\u00e1 energia hidrel\u00e9trica de carga de base 100% renov\u00e1vel e dever\u00e1 deslocar <strong>500 mil toneladas de CO\u2082e por ano<\/strong>, contribuindo para a descarboniza\u00e7\u00e3o da produ\u00e7\u00e3o de fertilizantes e fortalecendo uma cadeia de fornecimento de fertilizantes mais resiliente e sustent\u00e1vel na <strong>regi\u00e3o do Mercosul<\/strong>.<\/p>\n<h4><strong>Assista ao v\u00eddeo 3D do Projeto Villeta para conferir o design e o layout da instala\u00e7\u00e3o.<br \/>\n<\/strong><\/h4>\n[\/vc_column_text][vc_video link=&#8221;https:\/\/youtu.be\/6J7KAyWT66M&#8221; css=&#8221;&#8221;][\/vc_column][\/vc_row][vc_row type=&#8221;in_container&#8221; full_screen_row_position=&#8221;middle&#8221; column_margin=&#8221;default&#8221; column_direction=&#8221;default&#8221; column_direction_tablet=&#8221;default&#8221; column_direction_phone=&#8221;default&#8221; scene_position=&#8221;center&#8221; text_color=&#8221;dark&#8221; text_align=&#8221;left&#8221; row_border_radius=&#8221;none&#8221; row_border_radius_applies=&#8221;bg&#8221; row_position_desktop=&#8221;default&#8221; row_position_tablet=&#8221;inherit&#8221; row_position_phone=&#8221;inherit&#8221; overflow=&#8221;visible&#8221; overlay_strength=&#8221;0.3&#8243; gradient_direction=&#8221;left_to_right&#8221; shape_divider_position=&#8221;bottom&#8221; bg_image_animation=&#8221;none&#8221;][vc_column column_padding=&#8221;no-extra-padding&#8221; column_padding_tablet=&#8221;inherit&#8221; column_padding_phone=&#8221;inherit&#8221; column_padding_position=&#8221;all&#8221; flex_gap_desktop=&#8221;10px&#8221; column_element_direction_desktop=&#8221;default&#8221; column_element_spacing=&#8221;default&#8221; desktop_text_alignment=&#8221;default&#8221; tablet_text_alignment=&#8221;default&#8221; phone_text_alignment=&#8221;default&#8221; background_color_opacity=&#8221;1&#8243; background_hover_color_opacity=&#8221;1&#8243; column_backdrop_filter=&#8221;none&#8221; column_shadow=&#8221;none&#8221; column_border_radius=&#8221;none&#8221; column_link_target=&#8221;_self&#8221; column_position=&#8221;default&#8221; gradient_direction=&#8221;left_to_right&#8221; overlay_strength=&#8221;0.3&#8243; width=&#8221;1\/1&#8243; tablet_width_inherit=&#8221;default&#8221; animation_type=&#8221;default&#8221; bg_image_animation=&#8221;none&#8221; border_type=&#8221;simple&#8221; column_border_width=&#8221;none&#8221; column_border_style=&#8221;solid&#8221;][vc_column_text css=&#8221;&#8221; text_direction=&#8221;default&#8221;]\n<h4><strong>Papel da Casale: tecnologia e execu\u00e7\u00e3o de EPC<\/strong><\/h4>\n<p>A Casale foi escolhida como <strong>fornecedora de tecnologia e contratada de EPC<\/strong> para o projeto, com responsabilidade pelo projeto, engenharia, aquisi\u00e7\u00e3o e constru\u00e7\u00e3o da instala\u00e7\u00e3o.<\/p>\n<p>Em abril de 2025, a Casale e a ATOME assinaram um <strong>contrato EPC de pre\u00e7o fixo e montante fixo de US$ 465 milh\u00f5es<\/strong>, posicionando a Casale como o principal parceiro t\u00e9cnico para a entrega da instala\u00e7\u00e3o.<\/p>\n<p>As tecnologias de processo propriet\u00e1rias da Casale e as capacidades de engenharia integradas s\u00e3o fundamentais para garantir o desempenho, a confiabilidade e a efici\u00eancia operacional da instala\u00e7\u00e3o, permitindo a produ\u00e7\u00e3o de fertilizantes de baixo carbono em escala industrial.<\/p>\n<h4><strong>Um projeto hist\u00f3rico para a transi\u00e7\u00e3o energ\u00e9tica<\/strong><\/h4>\n<p>Villeta representa um avan\u00e7o no setor de fertilizantes, demonstrando que a produ\u00e7\u00e3o em larga escala pode ser dissociada dos combust\u00edveis f\u00f3sseis por meio do uso de hidrog\u00eanio renov\u00e1vel.[\/vc_column_text][\/vc_column][\/vc_row][vc_row type=&#8221;in_container&#8221; full_screen_row_position=&#8221;middle&#8221; column_margin=&#8221;default&#8221; column_direction=&#8221;default&#8221; column_direction_tablet=&#8221;default&#8221; column_direction_phone=&#8221;default&#8221; scene_position=&#8221;center&#8221; text_color=&#8221;dark&#8221; text_align=&#8221;left&#8221; row_border_radius=&#8221;none&#8221; row_border_radius_applies=&#8221;bg&#8221; row_position_desktop=&#8221;default&#8221; row_position_tablet=&#8221;inherit&#8221; row_position_phone=&#8221;inherit&#8221; overflow=&#8221;visible&#8221; overlay_strength=&#8221;0.3&#8243; gradient_direction=&#8221;left_to_right&#8221; shape_divider_position=&#8221;bottom&#8221; bg_image_animation=&#8221;none&#8221;][vc_column column_padding=&#8221;no-extra-padding&#8221; column_padding_tablet=&#8221;inherit&#8221; column_padding_phone=&#8221;inherit&#8221; column_padding_position=&#8221;all&#8221; flex_gap_desktop=&#8221;10px&#8221; column_element_direction_desktop=&#8221;default&#8221; column_element_spacing=&#8221;default&#8221; desktop_text_alignment=&#8221;default&#8221; tablet_text_alignment=&#8221;default&#8221; phone_text_alignment=&#8221;default&#8221; background_color_opacity=&#8221;1&#8243; background_hover_color_opacity=&#8221;1&#8243; column_backdrop_filter=&#8221;none&#8221; column_shadow=&#8221;none&#8221; column_border_radius=&#8221;none&#8221; column_link_target=&#8221;_self&#8221; column_position=&#8221;default&#8221; gradient_direction=&#8221;left_to_right&#8221; overlay_strength=&#8221;0.3&#8243; width=&#8221;1\/1&#8243; tablet_width_inherit=&#8221;default&#8221; animation_type=&#8221;default&#8221; bg_image_animation=&#8221;none&#8221; border_type=&#8221;simple&#8221; column_border_width=&#8221;none&#8221; column_border_style=&#8221;solid&#8221;][vc_column_text css=&#8221;&#8221; text_direction=&#8221;default&#8221;]Como destaca o <strong>CEO da ATOME, Olivier Mussat<\/strong>:[\/vc_column_text][vc_column_text css=&#8221;&#8221; text_direction=&#8221;default&#8221;]\n<blockquote class=\"blu\"><p><em>&#8220;Alcan\u00e7ar a FID em Villeta \u00e9 uma conquista definidora para a ATOME. O que come\u00e7ou como um conceito agora se transformou em uma plataforma industrial financi\u00e1vel destinada a revolucionar o setor agr\u00edcola global.&#8221; <\/em><\/p><\/blockquote>\n[\/vc_column_text][vc_column_text css=&#8221;&#8221; text_direction=&#8221;default&#8221;]O projeto tamb\u00e9m contribuir\u00e1 para fortalecer a seguran\u00e7a alimentar regional e apoiar a transi\u00e7\u00e3o para uma produ\u00e7\u00e3o de fertilizantes mais sustent\u00e1vel na Am\u00e9rica Latina.<\/p>\n<p>Villeta tamb\u00e9m representa um projeto de refer\u00eancia e um modelo replic\u00e1vel para a implanta\u00e7\u00e3o futura de instala\u00e7\u00f5es de fertilizantes verdes em escala industrial no mundo inteiro.<\/p>\n<p>As atividades de constru\u00e7\u00e3o devem come\u00e7ar logo ap\u00f3s a FID, com a instala\u00e7\u00e3o prevista para entrar em opera\u00e7\u00e3o comercial at\u00e9 2029.[\/vc_column_text][\/vc_column][\/vc_row][vc_row type=&#8221;in_container&#8221; full_screen_row_position=&#8221;middle&#8221; column_margin=&#8221;default&#8221; column_direction=&#8221;default&#8221; column_direction_tablet=&#8221;default&#8221; column_direction_phone=&#8221;default&#8221; scene_position=&#8221;center&#8221; text_color=&#8221;dark&#8221; text_align=&#8221;left&#8221; row_border_radius=&#8221;none&#8221; row_border_radius_applies=&#8221;bg&#8221; row_position_desktop=&#8221;default&#8221; row_position_tablet=&#8221;inherit&#8221; row_position_phone=&#8221;inherit&#8221; overflow=&#8221;visible&#8221; overlay_strength=&#8221;0.3&#8243; gradient_direction=&#8221;left_to_right&#8221; shape_divider_position=&#8221;bottom&#8221; bg_image_animation=&#8221;none&#8221;][vc_column column_padding=&#8221;no-extra-padding&#8221; column_padding_tablet=&#8221;inherit&#8221; column_padding_phone=&#8221;inherit&#8221; column_padding_position=&#8221;all&#8221; flex_gap_desktop=&#8221;10px&#8221; column_element_direction_desktop=&#8221;default&#8221; column_element_spacing=&#8221;default&#8221; desktop_text_alignment=&#8221;default&#8221; tablet_text_alignment=&#8221;default&#8221; phone_text_alignment=&#8221;default&#8221; background_color_opacity=&#8221;1&#8243; background_hover_color_opacity=&#8221;1&#8243; column_backdrop_filter=&#8221;none&#8221; column_shadow=&#8221;none&#8221; column_border_radius=&#8221;none&#8221; column_link_target=&#8221;_self&#8221; column_position=&#8221;default&#8221; gradient_direction=&#8221;left_to_right&#8221; overlay_strength=&#8221;0.3&#8243; width=&#8221;1\/1&#8243; tablet_width_inherit=&#8221;default&#8221; animation_type=&#8221;default&#8221; bg_image_animation=&#8221;none&#8221; border_type=&#8221;simple&#8221; column_border_width=&#8221;none&#8221; column_border_style=&#8221;solid&#8221;][vc_column_text css=&#8221;&#8221; text_direction=&#8221;default&#8221;]\n<h4><strong>Compromisso da Casale com a produ\u00e7\u00e3o sustent\u00e1vel de fertilizantes<\/strong><\/h4>\n<p><strong>Federico Zardi, CEO da Casale<\/strong>, comentou:[\/vc_column_text][vc_column_text css=&#8221;&#8221; text_direction=&#8221;default&#8221;]\n<blockquote class=\"blu\"><p><em>&#8220;Acreditamos firmemente na import\u00e2ncia e urg\u00eancia da descarboniza\u00e7\u00e3o da produ\u00e7\u00e3o de fertilizantes. O Projeto Villeta \u00e9 uma demonstra\u00e7\u00e3o concreta de que os fertilizantes de baixo carbono podem ser produzidos em escala industrial usando energias renov\u00e1veis.<\/em><\/p>\n<p><em>Estamos orgulhosos de contribuir para esta iniciativa hist\u00f3rica como parceiro de tecnologia e EPC, apoiando a atome a transformar uma vis\u00e3o ambiciosa em uma realidade operacional.&#8221;<\/em><\/p><\/blockquote>\n[\/vc_column_text][vc_column_text css=&#8221;&#8221; text_direction=&#8221;default&#8221;]O envolvimento da Casale no Projeto Villeta refor\u00e7a ainda mais a sua posi\u00e7\u00e3o como um dos <strong>principais licenciadores de tecnologias avan\u00e7adas de fertilizantes sustent\u00e1veis<\/strong> e um parceiro de confian\u00e7a para a entrega de projetos industriais complexos e de grande escala que apoiam a <strong>transi\u00e7\u00e3o energ\u00e9tica global e a descarboniza\u00e7\u00e3o industrial<\/strong>.[\/vc_column_text][\/vc_column][\/vc_row][vc_row type=&#8221;in_container&#8221; full_screen_row_position=&#8221;middle&#8221; column_margin=&#8221;default&#8221; column_direction=&#8221;default&#8221; column_direction_tablet=&#8221;default&#8221; column_direction_phone=&#8221;default&#8221; scene_position=&#8221;center&#8221; text_color=&#8221;dark&#8221; text_align=&#8221;left&#8221; row_border_radius=&#8221;none&#8221; row_border_radius_applies=&#8221;bg&#8221; row_position_desktop=&#8221;default&#8221; row_position_tablet=&#8221;inherit&#8221; row_position_phone=&#8221;inherit&#8221; overflow=&#8221;visible&#8221; overlay_strength=&#8221;0.3&#8243; gradient_direction=&#8221;left_to_right&#8221; shape_divider_position=&#8221;bottom&#8221; bg_image_animation=&#8221;none&#8221;][vc_column column_padding=&#8221;no-extra-padding&#8221; column_padding_tablet=&#8221;inherit&#8221; column_padding_phone=&#8221;inherit&#8221; column_padding_position=&#8221;all&#8221; flex_gap_desktop=&#8221;10px&#8221; column_element_direction_desktop=&#8221;default&#8221; column_element_spacing=&#8221;default&#8221; desktop_text_alignment=&#8221;default&#8221; tablet_text_alignment=&#8221;default&#8221; phone_text_alignment=&#8221;default&#8221; background_color_opacity=&#8221;1&#8243; background_hover_color_opacity=&#8221;1&#8243; column_backdrop_filter=&#8221;none&#8221; column_shadow=&#8221;none&#8221; column_border_radius=&#8221;none&#8221; column_link_target=&#8221;_self&#8221; column_position=&#8221;default&#8221; gradient_direction=&#8221;left_to_right&#8221; overlay_strength=&#8221;0.3&#8243; width=&#8221;1\/1&#8243; tablet_width_inherit=&#8221;default&#8221; animation_type=&#8221;default&#8221; bg_image_animation=&#8221;none&#8221; border_type=&#8221;simple&#8221; column_border_width=&#8221;none&#8221; column_border_style=&#8221;solid&#8221;][vc_column_text css=&#8221;&#8221; text_direction=&#8221;default&#8221;]<span data-teams=\"true\">Para mais informa\u00e7\u00f5es, consulte: <a href=\"https:\/\/www.atomeplc.com\/atome-plc-announces-final-investment-decision-for-the-worlds-first-industrial-scale-green-fertiliser-plant\/\">An\u00fancio oficial da ATOME.<\/a><\/span>[\/vc_column_text][vc_gallery css=&#8221;&#8221; type=&#8221;image_grid&#8221; images=&#8221;16532,16530,7631&#8243; image_grid_loading=&#8221;default&#8221; layout=&#8221;3&#8243; item_spacing=&#8221;default&#8221; gallery_style=&#8221;7&#8243; load_in_animation=&#8221;none&#8221;][\/vc_column][\/vc_row]\n","protected":false},"excerpt":{"rendered":"<p>[vc_row type=&#8221;in_container&#8221; full_screen_row_position=&#8221;middle&#8221; column_margin=&#8221;default&#8221; column_direction=&#8221;default&#8221; column_direction_tablet=&#8221;default&#8221; column_direction_phone=&#8221;default&#8221; scene_position=&#8221;center&#8221; text_color=&#8221;dark&#8221; text_align=&#8221;left&#8221; row_border_radius=&#8221;none&#8221; row_border_radius_applies=&#8221;bg&#8221; row_position_desktop=&#8221;default&#8221; row_position_tablet=&#8221;inherit&#8221; row_position_phone=&#8221;inherit&#8221; overflow=&#8221;visible&#8221; overlay_strength=&#8221;0.3&#8243; gradient_direction=&#8221;left_to_right&#8221; shape_divider_position=&#8221;bottom&#8221; bg_image_animation=&#8221;none&#8221;][vc_column column_padding=&#8221;no-extra-padding&#8221; column_padding_tablet=&#8221;inherit&#8221; column_padding_phone=&#8221;inherit&#8221; column_padding_position=&#8221;all&#8221; flex_gap_desktop=&#8221;10px&#8221; column_element_direction_desktop=&#8221;default&#8221; column_element_spacing=&#8221;default&#8221; desktop_text_alignment=&#8221;default&#8221; tablet_text_alignment=&#8221;default&#8221; phone_text_alignment=&#8221;default&#8221;&#8230;<\/p>\n","protected":false},"author":11,"featured_media":16536,"comment_status":"closed","ping_status":"closed","sticky":false,"template":"single-reference.php","format":"standard","meta":{"_acf_changed":false,"inline_featured_image":false,"footnotes":""},"categories":[197,202,195,106],"tags":[],"conference_year":[],"class_list":{"0":"post-16529","1":"post","2":"type-post","3":"status-publish","4":"format-standard","5":"has-post-thumbnail","7":"category-referencias","8":"category-solucoes-verdes","9":"category-novas-instalacoes","10":"category-news"},"acf":[],"yoast_head":"<!-- This site is optimized with the Yoast SEO plugin v27.1.1 - https:\/\/yoast.com\/product\/yoast-seo-wordpress\/ -->\n<title>Casale no centro do projeto Villeta da ATOME ap\u00f3s decis\u00e3o final de investimento &#8226; Casale<\/title>\n<meta name=\"description\" content=\"A Casale tem o orgulho de anunciar sua nomea\u00e7\u00e3o pela ATOME como contratada exclusiva de Engenharia, Aquisi\u00e7\u00e3o e Constru\u00e7\u00e3o (EPC) para o desenvolvimento de um complexo de fertilizantes de nitrato verde em grande escala em Villeta, Paraguai.\" \/>\n<meta name=\"robots\" content=\"index, follow, max-snippet:-1, max-image-preview:large, max-video-preview:-1\" \/>\n<link rel=\"canonical\" href=\"https:\/\/casale.ch\/pt-pt\/casale-no-centro-do-projeto-villeta-da-atome-apos-decisao-final-de-investimento\/\" \/>\n<meta property=\"og:locale\" content=\"pt_PT\" \/>\n<meta property=\"og:type\" content=\"article\" \/>\n<meta property=\"og:title\" content=\"Casale no centro do projeto Villeta da ATOME ap\u00f3s decis\u00e3o final de investimento &#8226; Casale\" \/>\n<meta property=\"og:description\" content=\"A Casale tem o orgulho de anunciar sua nomea\u00e7\u00e3o pela ATOME como contratada exclusiva de Engenharia, Aquisi\u00e7\u00e3o e Constru\u00e7\u00e3o (EPC) para o desenvolvimento de um complexo de fertilizantes de nitrato verde em grande escala em Villeta, Paraguai.\" \/>\n<meta property=\"og:url\" content=\"https:\/\/casale.ch\/pt-pt\/casale-no-centro-do-projeto-villeta-da-atome-apos-decisao-final-de-investimento\/\" \/>\n<meta property=\"og:site_name\" content=\"Casale\" \/>\n<meta property=\"article:published_time\" content=\"2026-04-23T20:00:21+00:00\" \/>\n<meta property=\"article:modified_time\" content=\"2026-04-27T13:07:04+00:00\" \/>\n<meta property=\"og:image\" content=\"https:\/\/casale.ch\/wp-content\/uploads\/2024\/11\/1_A3-1024x724.png\" \/>\n\t<meta property=\"og:image:width\" content=\"1024\" \/>\n\t<meta property=\"og:image:height\" content=\"724\" \/>\n\t<meta property=\"og:image:type\" content=\"image\/png\" \/>\n<meta name=\"author\" content=\"Riccardo Faggiana\" \/>\n<meta name=\"twitter:card\" content=\"summary_large_image\" \/>\n<meta name=\"twitter:label1\" content=\"Escrito por\" \/>\n\t<meta name=\"twitter:data1\" content=\"Riccardo Faggiana\" \/>\n\t<meta name=\"twitter:label2\" content=\"Tempo estimado de leitura\" \/>\n\t<meta name=\"twitter:data2\" content=\"9 minutos\" \/>\n<script type=\"application\/ld+json\" class=\"yoast-schema-graph\">{\"@context\":\"https:\/\/schema.org\",\"@graph\":[{\"@type\":\"Article\",\"@id\":\"https:\/\/casale.ch\/pt-pt\/casale-no-centro-do-projeto-villeta-da-atome-apos-decisao-final-de-investimento\/#article\",\"isPartOf\":{\"@id\":\"https:\/\/casale.ch\/pt-pt\/casale-no-centro-do-projeto-villeta-da-atome-apos-decisao-final-de-investimento\/\"},\"author\":{\"name\":\"Riccardo Faggiana\",\"@id\":\"https:\/\/casale.ch\/pt-pt\/#\/schema\/person\/366fe250957f065971077605967706c1\"},\"headline\":\"Casale no centro do projeto Villeta da ATOME ap\u00f3s decis\u00e3o final de investimento\",\"datePublished\":\"2026-04-23T20:00:21+00:00\",\"dateModified\":\"2026-04-27T13:07:04+00:00\",\"mainEntityOfPage\":{\"@id\":\"https:\/\/casale.ch\/pt-pt\/casale-no-centro-do-projeto-villeta-da-atome-apos-decisao-final-de-investimento\/\"},\"wordCount\":1728,\"publisher\":{\"@id\":\"https:\/\/casale.ch\/pt-pt\/#organization\"},\"image\":{\"@id\":\"https:\/\/casale.ch\/pt-pt\/casale-no-centro-do-projeto-villeta-da-atome-apos-decisao-final-de-investimento\/#primaryimage\"},\"thumbnailUrl\":\"https:\/\/casale.ch\/wp-content\/uploads\/2024\/11\/1_A3-scaled.png\",\"articleSection\":[\"Refer\u00eancias\",\"Solu\u00e7\u00f5es verdes\",\"Novas instala\u00e7\u00f5es\",\"News\"],\"inLanguage\":\"pt-PT\"},{\"@type\":\"WebPage\",\"@id\":\"https:\/\/casale.ch\/pt-pt\/casale-no-centro-do-projeto-villeta-da-atome-apos-decisao-final-de-investimento\/\",\"url\":\"https:\/\/casale.ch\/pt-pt\/casale-no-centro-do-projeto-villeta-da-atome-apos-decisao-final-de-investimento\/\",\"name\":\"Casale no centro do projeto Villeta da ATOME ap\u00f3s decis\u00e3o final de investimento &#8226; Casale\",\"isPartOf\":{\"@id\":\"https:\/\/casale.ch\/pt-pt\/#website\"},\"primaryImageOfPage\":{\"@id\":\"https:\/\/casale.ch\/pt-pt\/casale-no-centro-do-projeto-villeta-da-atome-apos-decisao-final-de-investimento\/#primaryimage\"},\"image\":{\"@id\":\"https:\/\/casale.ch\/pt-pt\/casale-no-centro-do-projeto-villeta-da-atome-apos-decisao-final-de-investimento\/#primaryimage\"},\"thumbnailUrl\":\"https:\/\/casale.ch\/wp-content\/uploads\/2024\/11\/1_A3-scaled.png\",\"datePublished\":\"2026-04-23T20:00:21+00:00\",\"dateModified\":\"2026-04-27T13:07:04+00:00\",\"description\":\"A Casale tem o orgulho de anunciar sua nomea\u00e7\u00e3o pela ATOME como contratada exclusiva de Engenharia, Aquisi\u00e7\u00e3o e Constru\u00e7\u00e3o (EPC) para o desenvolvimento de um complexo de fertilizantes de nitrato verde em grande escala em Villeta, Paraguai.\",\"breadcrumb\":{\"@id\":\"https:\/\/casale.ch\/pt-pt\/casale-no-centro-do-projeto-villeta-da-atome-apos-decisao-final-de-investimento\/#breadcrumb\"},\"inLanguage\":\"pt-PT\",\"potentialAction\":[{\"@type\":\"ReadAction\",\"target\":[\"https:\/\/casale.ch\/pt-pt\/casale-no-centro-do-projeto-villeta-da-atome-apos-decisao-final-de-investimento\/\"]}]},{\"@type\":\"ImageObject\",\"inLanguage\":\"pt-PT\",\"@id\":\"https:\/\/casale.ch\/pt-pt\/casale-no-centro-do-projeto-villeta-da-atome-apos-decisao-final-de-investimento\/#primaryimage\",\"url\":\"https:\/\/casale.ch\/wp-content\/uploads\/2024\/11\/1_A3-scaled.png\",\"contentUrl\":\"https:\/\/casale.ch\/wp-content\/uploads\/2024\/11\/1_A3-scaled.png\",\"width\":2560,\"height\":1810},{\"@type\":\"BreadcrumbList\",\"@id\":\"https:\/\/casale.ch\/pt-pt\/casale-no-centro-do-projeto-villeta-da-atome-apos-decisao-final-de-investimento\/#breadcrumb\",\"itemListElement\":[{\"@type\":\"ListItem\",\"position\":1,\"name\":\"Home\",\"item\":\"https:\/\/casale.ch\/pt-pt\/\"},{\"@type\":\"ListItem\",\"position\":2,\"name\":\"Casale no centro do projeto Villeta da ATOME ap\u00f3s decis\u00e3o final de investimento\"}]},{\"@type\":\"WebSite\",\"@id\":\"https:\/\/casale.ch\/pt-pt\/#website\",\"url\":\"https:\/\/casale.ch\/pt-pt\/\",\"name\":\"Casale\",\"description\":\"Together for a new planet\",\"publisher\":{\"@id\":\"https:\/\/casale.ch\/pt-pt\/#organization\"},\"potentialAction\":[{\"@type\":\"SearchAction\",\"target\":{\"@type\":\"EntryPoint\",\"urlTemplate\":\"https:\/\/casale.ch\/pt-pt\/?s={search_term_string}\"},\"query-input\":{\"@type\":\"PropertyValueSpecification\",\"valueRequired\":true,\"valueName\":\"search_term_string\"}}],\"inLanguage\":\"pt-PT\"},{\"@type\":\"Organization\",\"@id\":\"https:\/\/casale.ch\/pt-pt\/#organization\",\"name\":\"Casale\",\"url\":\"https:\/\/casale.ch\/pt-pt\/\",\"logo\":{\"@type\":\"ImageObject\",\"inLanguage\":\"pt-PT\",\"@id\":\"https:\/\/casale.ch\/pt-pt\/#\/schema\/logo\/image\/\",\"url\":\"https:\/\/casale.ch\/wp-content\/uploads\/2023\/08\/logo_casale.svg\",\"contentUrl\":\"https:\/\/casale.ch\/wp-content\/uploads\/2023\/08\/logo_casale.svg\",\"width\":1,\"height\":1,\"caption\":\"Casale\"},\"image\":{\"@id\":\"https:\/\/casale.ch\/pt-pt\/#\/schema\/logo\/image\/\"}},{\"@type\":\"Person\",\"@id\":\"https:\/\/casale.ch\/pt-pt\/#\/schema\/person\/366fe250957f065971077605967706c1\",\"name\":\"Riccardo Faggiana\",\"image\":{\"@type\":\"ImageObject\",\"inLanguage\":\"pt-PT\",\"@id\":\"https:\/\/casale.ch\/pt-pt\/#\/schema\/person\/image\/\",\"url\":\"https:\/\/secure.gravatar.com\/avatar\/3d6c1580a841758fab582fbc626013b334e2b6c39dddc508b53a0f97a647027a?s=96&d=mm&r=g\",\"contentUrl\":\"https:\/\/secure.gravatar.com\/avatar\/3d6c1580a841758fab582fbc626013b334e2b6c39dddc508b53a0f97a647027a?s=96&d=mm&r=g\",\"caption\":\"Riccardo Faggiana\"}}]}<\/script>\n<!-- \/ Yoast SEO plugin. -->","yoast_head_json":{"title":"Casale no centro do projeto Villeta da ATOME ap\u00f3s decis\u00e3o final de investimento &#8226; Casale","description":"A Casale tem o orgulho de anunciar sua nomea\u00e7\u00e3o pela ATOME como contratada exclusiva de Engenharia, Aquisi\u00e7\u00e3o e Constru\u00e7\u00e3o (EPC) para o desenvolvimento de um complexo de fertilizantes de nitrato verde em grande escala em Villeta, Paraguai.","robots":{"index":"index","follow":"follow","max-snippet":"max-snippet:-1","max-image-preview":"max-image-preview:large","max-video-preview":"max-video-preview:-1"},"canonical":"https:\/\/casale.ch\/pt-pt\/casale-no-centro-do-projeto-villeta-da-atome-apos-decisao-final-de-investimento\/","og_locale":"pt_PT","og_type":"article","og_title":"Casale no centro do projeto Villeta da ATOME ap\u00f3s decis\u00e3o final de investimento &#8226; Casale","og_description":"A Casale tem o orgulho de anunciar sua nomea\u00e7\u00e3o pela ATOME como contratada exclusiva de Engenharia, Aquisi\u00e7\u00e3o e Constru\u00e7\u00e3o (EPC) para o desenvolvimento de um complexo de fertilizantes de nitrato verde em grande escala em Villeta, Paraguai.","og_url":"https:\/\/casale.ch\/pt-pt\/casale-no-centro-do-projeto-villeta-da-atome-apos-decisao-final-de-investimento\/","og_site_name":"Casale","article_published_time":"2026-04-23T20:00:21+00:00","article_modified_time":"2026-04-27T13:07:04+00:00","og_image":[{"width":1024,"height":724,"url":"https:\/\/casale.ch\/wp-content\/uploads\/2024\/11\/1_A3-1024x724.png","type":"image\/png"}],"author":"Riccardo Faggiana","twitter_card":"summary_large_image","twitter_misc":{"Escrito por":"Riccardo Faggiana","Tempo estimado de leitura":"9 minutos"},"schema":{"@context":"https:\/\/schema.org","@graph":[{"@type":"Article","@id":"https:\/\/casale.ch\/pt-pt\/casale-no-centro-do-projeto-villeta-da-atome-apos-decisao-final-de-investimento\/#article","isPartOf":{"@id":"https:\/\/casale.ch\/pt-pt\/casale-no-centro-do-projeto-villeta-da-atome-apos-decisao-final-de-investimento\/"},"author":{"name":"Riccardo Faggiana","@id":"https:\/\/casale.ch\/pt-pt\/#\/schema\/person\/366fe250957f065971077605967706c1"},"headline":"Casale no centro do projeto Villeta da ATOME ap\u00f3s decis\u00e3o final de investimento","datePublished":"2026-04-23T20:00:21+00:00","dateModified":"2026-04-27T13:07:04+00:00","mainEntityOfPage":{"@id":"https:\/\/casale.ch\/pt-pt\/casale-no-centro-do-projeto-villeta-da-atome-apos-decisao-final-de-investimento\/"},"wordCount":1728,"publisher":{"@id":"https:\/\/casale.ch\/pt-pt\/#organization"},"image":{"@id":"https:\/\/casale.ch\/pt-pt\/casale-no-centro-do-projeto-villeta-da-atome-apos-decisao-final-de-investimento\/#primaryimage"},"thumbnailUrl":"https:\/\/casale.ch\/wp-content\/uploads\/2024\/11\/1_A3-scaled.png","articleSection":["Refer\u00eancias","Solu\u00e7\u00f5es verdes","Novas instala\u00e7\u00f5es","News"],"inLanguage":"pt-PT"},{"@type":"WebPage","@id":"https:\/\/casale.ch\/pt-pt\/casale-no-centro-do-projeto-villeta-da-atome-apos-decisao-final-de-investimento\/","url":"https:\/\/casale.ch\/pt-pt\/casale-no-centro-do-projeto-villeta-da-atome-apos-decisao-final-de-investimento\/","name":"Casale no centro do projeto Villeta da ATOME ap\u00f3s decis\u00e3o final de investimento &#8226; Casale","isPartOf":{"@id":"https:\/\/casale.ch\/pt-pt\/#website"},"primaryImageOfPage":{"@id":"https:\/\/casale.ch\/pt-pt\/casale-no-centro-do-projeto-villeta-da-atome-apos-decisao-final-de-investimento\/#primaryimage"},"image":{"@id":"https:\/\/casale.ch\/pt-pt\/casale-no-centro-do-projeto-villeta-da-atome-apos-decisao-final-de-investimento\/#primaryimage"},"thumbnailUrl":"https:\/\/casale.ch\/wp-content\/uploads\/2024\/11\/1_A3-scaled.png","datePublished":"2026-04-23T20:00:21+00:00","dateModified":"2026-04-27T13:07:04+00:00","description":"A Casale tem o orgulho de anunciar sua nomea\u00e7\u00e3o pela ATOME como contratada exclusiva de Engenharia, Aquisi\u00e7\u00e3o e Constru\u00e7\u00e3o (EPC) para o desenvolvimento de um complexo de fertilizantes de nitrato verde em grande escala em Villeta, Paraguai.","breadcrumb":{"@id":"https:\/\/casale.ch\/pt-pt\/casale-no-centro-do-projeto-villeta-da-atome-apos-decisao-final-de-investimento\/#breadcrumb"},"inLanguage":"pt-PT","potentialAction":[{"@type":"ReadAction","target":["https:\/\/casale.ch\/pt-pt\/casale-no-centro-do-projeto-villeta-da-atome-apos-decisao-final-de-investimento\/"]}]},{"@type":"ImageObject","inLanguage":"pt-PT","@id":"https:\/\/casale.ch\/pt-pt\/casale-no-centro-do-projeto-villeta-da-atome-apos-decisao-final-de-investimento\/#primaryimage","url":"https:\/\/casale.ch\/wp-content\/uploads\/2024\/11\/1_A3-scaled.png","contentUrl":"https:\/\/casale.ch\/wp-content\/uploads\/2024\/11\/1_A3-scaled.png","width":2560,"height":1810},{"@type":"BreadcrumbList","@id":"https:\/\/casale.ch\/pt-pt\/casale-no-centro-do-projeto-villeta-da-atome-apos-decisao-final-de-investimento\/#breadcrumb","itemListElement":[{"@type":"ListItem","position":1,"name":"Home","item":"https:\/\/casale.ch\/pt-pt\/"},{"@type":"ListItem","position":2,"name":"Casale no centro do projeto Villeta da ATOME ap\u00f3s decis\u00e3o final de investimento"}]},{"@type":"WebSite","@id":"https:\/\/casale.ch\/pt-pt\/#website","url":"https:\/\/casale.ch\/pt-pt\/","name":"Casale","description":"Together for a new planet","publisher":{"@id":"https:\/\/casale.ch\/pt-pt\/#organization"},"potentialAction":[{"@type":"SearchAction","target":{"@type":"EntryPoint","urlTemplate":"https:\/\/casale.ch\/pt-pt\/?s={search_term_string}"},"query-input":{"@type":"PropertyValueSpecification","valueRequired":true,"valueName":"search_term_string"}}],"inLanguage":"pt-PT"},{"@type":"Organization","@id":"https:\/\/casale.ch\/pt-pt\/#organization","name":"Casale","url":"https:\/\/casale.ch\/pt-pt\/","logo":{"@type":"ImageObject","inLanguage":"pt-PT","@id":"https:\/\/casale.ch\/pt-pt\/#\/schema\/logo\/image\/","url":"https:\/\/casale.ch\/wp-content\/uploads\/2023\/08\/logo_casale.svg","contentUrl":"https:\/\/casale.ch\/wp-content\/uploads\/2023\/08\/logo_casale.svg","width":1,"height":1,"caption":"Casale"},"image":{"@id":"https:\/\/casale.ch\/pt-pt\/#\/schema\/logo\/image\/"}},{"@type":"Person","@id":"https:\/\/casale.ch\/pt-pt\/#\/schema\/person\/366fe250957f065971077605967706c1","name":"Riccardo Faggiana","image":{"@type":"ImageObject","inLanguage":"pt-PT","@id":"https:\/\/casale.ch\/pt-pt\/#\/schema\/person\/image\/","url":"https:\/\/secure.gravatar.com\/avatar\/3d6c1580a841758fab582fbc626013b334e2b6c39dddc508b53a0f97a647027a?s=96&d=mm&r=g","contentUrl":"https:\/\/secure.gravatar.com\/avatar\/3d6c1580a841758fab582fbc626013b334e2b6c39dddc508b53a0f97a647027a?s=96&d=mm&r=g","caption":"Riccardo Faggiana"}}]}},"_links":{"self":[{"href":"https:\/\/casale.ch\/pt-pt\/wp-json\/wp\/v2\/posts\/16529","targetHints":{"allow":["GET"]}}],"collection":[{"href":"https:\/\/casale.ch\/pt-pt\/wp-json\/wp\/v2\/posts"}],"about":[{"href":"https:\/\/casale.ch\/pt-pt\/wp-json\/wp\/v2\/types\/post"}],"author":[{"embeddable":true,"href":"https:\/\/casale.ch\/pt-pt\/wp-json\/wp\/v2\/users\/11"}],"replies":[{"embeddable":true,"href":"https:\/\/casale.ch\/pt-pt\/wp-json\/wp\/v2\/comments?post=16529"}],"version-history":[{"count":5,"href":"https:\/\/casale.ch\/pt-pt\/wp-json\/wp\/v2\/posts\/16529\/revisions"}],"predecessor-version":[{"id":16558,"href":"https:\/\/casale.ch\/pt-pt\/wp-json\/wp\/v2\/posts\/16529\/revisions\/16558"}],"wp:featuredmedia":[{"embeddable":true,"href":"https:\/\/casale.ch\/pt-pt\/wp-json\/wp\/v2\/media\/16536"}],"wp:attachment":[{"href":"https:\/\/casale.ch\/pt-pt\/wp-json\/wp\/v2\/media?parent=16529"}],"wp:term":[{"taxonomy":"category","embeddable":true,"href":"https:\/\/casale.ch\/pt-pt\/wp-json\/wp\/v2\/categories?post=16529"},{"taxonomy":"post_tag","embeddable":true,"href":"https:\/\/casale.ch\/pt-pt\/wp-json\/wp\/v2\/tags?post=16529"},{"taxonomy":"conference_year","embeddable":true,"href":"https:\/\/casale.ch\/pt-pt\/wp-json\/wp\/v2\/conference_year?post=16529"}],"curies":[{"name":"wp","href":"https:\/\/api.w.org\/{rel}","templated":true}]}}